{"id":2743,"date":"2023-03-20T12:19:04","date_gmt":"2023-03-20T15:19:04","guid":{"rendered":"https:\/\/www.visitms.com.br\/?p=2743"},"modified":"2023-08-15T16:20:15","modified_gmt":"2023-08-15T19:20:15","slug":"fundturms-e-finalista-do-premio-de-turismo-responsavel-2023-da-wtm-la","status":"publish","type":"post","link":"https:\/\/www.visitms.com.br\/en\/noticias\/sustentabilidade\/fundturms-e-finalista-do-premio-de-turismo-responsavel-2023-da-wtm-la\/","title":{"rendered":"FundturMS \u00e9 finalista do Pr\u00eamio de Turismo Respons\u00e1vel 2023 da WTM LA"},"content":{"rendered":"<p><em>Terceira edi\u00e7\u00e3o teve 66 inscritos para a premia\u00e7\u00e3o que reconhece as iniciativas mais inspiradoras e replic\u00e1veis em turismo respons\u00e1vel e sustent\u00e1vel<\/em><\/p>\n<p>Pioneira nos debates relacionados a pr\u00e1ticas respons\u00e1veis no turismo, a WTM Latin America divulga os 15 finalistas do Pr\u00eamio de Turismo Respons\u00e1vel 2023. A chancela \u00e9 parte dos Global Responsible Tourism Awards da WTM e chega \u00e0 terceira edi\u00e7\u00e3o na Am\u00e9rica Latina. O objetivo \u00e9 reconhecer publicamente as iniciativas mais inspiradoras e replic\u00e1veis em turismo sustent\u00e1vel e respons\u00e1vel, com o objetivo principal de promover mudan\u00e7as positivas em toda a ind\u00fastria de viagens e turismo.<\/p>\n<p>Para Bruno Wendling, diretor-presidente da FundturMS (Funda\u00e7\u00e3o de Turismo de Mato Grosso do Sul), esta indica\u00e7\u00e3o j\u00e1 \u00e9 reconhecimento do trabalho que Mato Grosso do Sul tem feito no turismo ao longo dos anos. \u201cSomos finalistas com o case de \u2018Bonito Carbono Neutro\u2019, o primeiro destino de ecoturismo do mundo carbono neutro. A categoria \u2018Abordando as mudan\u00e7as clim\u00e1ticas\u2019 \u00e9 justamente o tema central do nosso projeto. O Pr\u00eamio de Turismo Respons\u00e1vel \u00e9, para mim, um dos mais importantes do continente, especialmente no segmento do turismo respons\u00e1vel\u201d.<\/p>\n<p>\u201cUm importante destino como Bonito tem ainda grandes desafios. Com a certifica\u00e7\u00e3o de carbono neutro no ano passado, assinou um termo com as Na\u00e7\u00f5es Unidas para essa mudan\u00e7a. Ent\u00e3o a indica\u00e7\u00e3o ao pr\u00eamio j\u00e1 \u00e9 um reconhecimento dessa boa pr\u00e1tica\u201d, avalia Wendling.<\/p>\n<p>As seis categorias de 2023 s\u00e3o: Melhores solu\u00e7\u00f5es para gest\u00e3o de res\u00edduos pl\u00e1sticos; Melhores conex\u00f5es significativas; Melhores modelos de compras locais, artesanato e alimenta\u00e7\u00e3o; Abordando as mudan\u00e7as clim\u00e1ticas; Melhores solu\u00e7\u00f5es para a promo\u00e7\u00e3o da diversidade e inclus\u00e3o; Melhores iniciativas para a conserva\u00e7\u00e3o da natureza.<\/p>\n<p>Al\u00e9m do reconhecimento pelas iniciativas, os finalistas ganham em reputa\u00e7\u00e3o e em aprendizado, j\u00e1 que elevam os neg\u00f3cios a outro patamar e contam com o feedback de especialistas, al\u00e9m de terem acesso \u00e0s principais tend\u00eancias do segmento. Os 66 trabalhos inscritos vieram de diversos pa\u00edses latino-americanos e passaram pela primeira avalia\u00e7\u00e3o dos 18 profissionais que comp\u00f5em o j\u00fari da terceira edi\u00e7\u00e3o do Pr\u00eamio de Turismo Respons\u00e1vel da WTM Latin America.<\/p>\n<p>Formado por profissionais latino-americanos de renome em diferentes \u00e1reas \u2013 agentes de viagens, operadores, dirigentes de associa\u00e7\u00f5es, representantes do poder p\u00fablico, jornalistas e formadores de opini\u00e3o \u2013, o corpo de jurados leva diversos aspectos em conta para definir os finalistas e, posteriormente, os vencedores em seis categorias diferentes. Os principais crit\u00e9rios s\u00e3o originalidade, potencial de replicabilidade e possibilidade de mensura\u00e7\u00e3o dos impactos alcan\u00e7ados com a solu\u00e7\u00e3o proposta.<\/p>\n<p><strong>Os finalistas<\/strong><\/p>\n<p>Em ordem alfab\u00e9tica, s\u00e3o 15 finalistas desta edi\u00e7\u00e3o: Di\u00e1spora.Black (Brasil), Equatur (Equador), Governo de Antioquia (Col\u00f4mbia), Funda\u00e7\u00e3o de Turismo do Mato Grosso do Sul (Brasil), La Union Coffee Farm (Col\u00f4mbia), Las Torres Patagonia (Chile), Pipa Convention Bureau (Rio Grande do Norte\/Brasil), Quinti Ecuador (Equador), Ra\u00edzes Desenvolvimento Sustent\u00e1vel (Brasil), Rede BATUC \u2013 Turismo Comunit\u00e1rio da Bahia (Brasil), Rota do Enxaimel (Pomerode \u2013 SC\/Brasil), Say Hueque (Argentina), Sebrae Maranh\u00e3o (Brasil), Toca do Kain\u00e3 (Santo Antonio do Jardim \u2013 SP\/Brasil) e Wilderness Patagonia (Argentina).<\/p>\n<p>Os vencedores ser\u00e3o conhecidos na cerim\u00f4nia de premia\u00e7\u00e3o que acontece durante a WTM Latin America. O evento ser\u00e1 nos pr\u00f3ximos dias 03, 04 e 05 de abril de 2023, em S\u00e3o Paulo (SP).<\/p>\n<p><em>D\u00e9bora Bordin, FundturMS com informa\u00e7\u00f5es da WTM LA<\/em><\/p>\n","protected":false},"excerpt":{"rendered":"<p>Terceira edi\u00e7\u00e3o teve 66 inscritos para a premia\u00e7\u00e3o que reconhece as iniciativas mais inspiradoras e replic\u00e1veis em turismo respons\u00e1vel e [&hellip;]<\/p>\n","protected":false},"author":2,"featured_media":2779,"comment_status":"open","ping_status":"open","sticky":false,"template":"","format":"standard","meta":{"_acf_changed":false,"footnotes":""},"categories":[109],"tags":[110],"class_list":["post-2743","post","type-post","status-publish","format-standard","has-post-thumbnail","hentry","category-sustentabilidade","tag-turismo-responsavel"],"translation":{"provider":"WPGlobus","version":"3.0.2","language":"en","enabled_languages":["br","en","es"],"languages":{"br":{"title":true,"content":true,"excerpt":false},"en":{"title":false,"content":false,"excerpt":false},"es":{"title":false,"content":false,"excerpt":false}}},"acf":[],"yoast_head":"<!-- This site is optimized with the Yoast SEO plugin v27.3 - https:\/\/yoast.com\/product\/yoast-seo-wordpress\/ -->\n<title>FundturMS \u00e9 finalista do Pr\u00eamio de Turismo Respons\u00e1vel 2023 da WTM LA - VisitMS<\/title>\n<meta name=\"robots\" content=\"index, follow, max-snippet:-1, max-image-preview:large, max-video-preview:-1\" \/>\n<link rel=\"canonical\" href=\"https:\/\/www.visitms.com.br\/noticias\/sustentabilidade\/fundturms-e-finalista-do-premio-de-turismo-responsavel-2023-da-wtm-la\/\" \/>\n<meta property=\"og:locale\" content=\"en_US\" \/>\n<meta property=\"og:type\" content=\"article\" \/>\n<meta property=\"og:title\" content=\"FundturMS \u00e9 finalista do Pr\u00eamio de Turismo Respons\u00e1vel 2023 da WTM LA - VisitMS\" \/>\n<meta property=\"og:url\" content=\"https:\/\/www.visitms.com.br\/noticias\/sustentabilidade\/fundturms-e-finalista-do-premio-de-turismo-responsavel-2023-da-wtm-la\/\" \/>\n<meta property=\"og:site_name\" content=\"VisitMS\" \/>\n<meta property=\"article:published_time\" content=\"2023-03-20T15:19:04+00:00\" \/>\n<meta property=\"article:modified_time\" content=\"2023-08-15T19:20:15+00:00\" \/>\n<meta property=\"og:image\" content=\"https:\/\/www.visitms.com.br\/wp-content\/uploads\/2023\/03\/flavioandre_riosucuri_bonito_ms_27204415008_o-scaled.jpg\" \/>\n\t<meta property=\"og:image:width\" content=\"2560\" \/>\n\t<meta property=\"og:image:height\" content=\"1920\" \/>\n\t<meta property=\"og:image:type\" content=\"image\/jpeg\" \/>\n<meta name=\"author\" content=\"adm@visitms.com.br\" \/>\n<meta name=\"twitter:card\" content=\"summary_large_image\" \/>\n<meta name=\"twitter:label1\" content=\"Written by\" \/>\n\t<meta name=\"twitter:data1\" content=\"adm@visitms.com.br\" \/>\n\t<meta name=\"twitter:label2\" content=\"Est. reading time\" \/>\n\t<meta name=\"twitter:data2\" content=\"3 minutes\" \/>\n<script type=\"application\/ld+json\" class=\"yoast-schema-graph\">{\"@context\":\"https:\\\/\\\/schema.org\",\"@graph\":[{\"@type\":\"Article\",\"@id\":\"https:\\\/\\\/www.visitms.com.br\\\/noticias\\\/sustentabilidade\\\/fundturms-e-finalista-do-premio-de-turismo-responsavel-2023-da-wtm-la\\\/#article\",\"isPartOf\":{\"@id\":\"https:\\\/\\\/www.visitms.com.br\\\/noticias\\\/sustentabilidade\\\/fundturms-e-finalista-do-premio-de-turismo-responsavel-2023-da-wtm-la\\\/\"},\"author\":{\"name\":\"adm@visitms.com.br\",\"@id\":\"https:\\\/\\\/www.visitms.com.br\\\/#\\\/schema\\\/person\\\/71dd2018aaa6897e87102df6bc9d5a86\"},\"headline\":\"FundturMS \u00e9 finalista do Pr\u00eamio de Turismo Respons\u00e1vel 2023 da WTM LA\",\"datePublished\":\"2023-03-20T15:19:04+00:00\",\"dateModified\":\"2023-08-15T19:20:15+00:00\",\"mainEntityOfPage\":{\"@id\":\"https:\\\/\\\/www.visitms.com.br\\\/noticias\\\/sustentabilidade\\\/fundturms-e-finalista-do-premio-de-turismo-responsavel-2023-da-wtm-la\\\/\"},\"wordCount\":602,\"commentCount\":0,\"image\":{\"@id\":\"https:\\\/\\\/www.visitms.com.br\\\/noticias\\\/sustentabilidade\\\/fundturms-e-finalista-do-premio-de-turismo-responsavel-2023-da-wtm-la\\\/#primaryimage\"},\"thumbnailUrl\":\"https:\\\/\\\/www.visitms.com.br\\\/wp-content\\\/uploads\\\/2023\\\/03\\\/flavioandre_riosucuri_bonito_ms_27204415008_o-scaled.jpg\",\"keywords\":[\"turismo respons\u00e1vel\"],\"articleSection\":[\"Sustentabilidade\"],\"inLanguage\":\"en-US\",\"potentialAction\":[{\"@type\":\"CommentAction\",\"name\":\"Comment\",\"target\":[\"https:\\\/\\\/www.visitms.com.br\\\/noticias\\\/sustentabilidade\\\/fundturms-e-finalista-do-premio-de-turismo-responsavel-2023-da-wtm-la\\\/#respond\"]}]},{\"@type\":\"WebPage\",\"@id\":\"https:\\\/\\\/www.visitms.com.br\\\/noticias\\\/sustentabilidade\\\/fundturms-e-finalista-do-premio-de-turismo-responsavel-2023-da-wtm-la\\\/\",\"url\":\"https:\\\/\\\/www.visitms.com.br\\\/noticias\\\/sustentabilidade\\\/fundturms-e-finalista-do-premio-de-turismo-responsavel-2023-da-wtm-la\\\/\",\"name\":\"FundturMS \u00e9 finalista do Pr\u00eamio de Turismo Respons\u00e1vel 2023 da WTM LA - VisitMS\",\"isPartOf\":{\"@id\":\"https:\\\/\\\/www.visitms.com.br\\\/#website\"},\"primaryImageOfPage\":{\"@id\":\"https:\\\/\\\/www.visitms.com.br\\\/noticias\\\/sustentabilidade\\\/fundturms-e-finalista-do-premio-de-turismo-responsavel-2023-da-wtm-la\\\/#primaryimage\"},\"image\":{\"@id\":\"https:\\\/\\\/www.visitms.com.br\\\/noticias\\\/sustentabilidade\\\/fundturms-e-finalista-do-premio-de-turismo-responsavel-2023-da-wtm-la\\\/#primaryimage\"},\"thumbnailUrl\":\"https:\\\/\\\/www.visitms.com.br\\\/wp-content\\\/uploads\\\/2023\\\/03\\\/flavioandre_riosucuri_bonito_ms_27204415008_o-scaled.jpg\",\"datePublished\":\"2023-03-20T15:19:04+00:00\",\"dateModified\":\"2023-08-15T19:20:15+00:00\",\"author\":{\"@id\":\"https:\\\/\\\/www.visitms.com.br\\\/#\\\/schema\\\/person\\\/71dd2018aaa6897e87102df6bc9d5a86\"},\"breadcrumb\":{\"@id\":\"https:\\\/\\\/www.visitms.com.br\\\/noticias\\\/sustentabilidade\\\/fundturms-e-finalista-do-premio-de-turismo-responsavel-2023-da-wtm-la\\\/#breadcrumb\"},\"inLanguage\":\"en-US\",\"potentialAction\":[{\"@type\":\"ReadAction\",\"target\":[\"https:\\\/\\\/www.visitms.com.br\\\/noticias\\\/sustentabilidade\\\/fundturms-e-finalista-do-premio-de-turismo-responsavel-2023-da-wtm-la\\\/\"]}]},{\"@type\":\"ImageObject\",\"inLanguage\":\"en-US\",\"@id\":\"https:\\\/\\\/www.visitms.com.br\\\/noticias\\\/sustentabilidade\\\/fundturms-e-finalista-do-premio-de-turismo-responsavel-2023-da-wtm-la\\\/#primaryimage\",\"url\":\"https:\\\/\\\/www.visitms.com.br\\\/wp-content\\\/uploads\\\/2023\\\/03\\\/flavioandre_riosucuri_bonito_ms_27204415008_o-scaled.jpg\",\"contentUrl\":\"https:\\\/\\\/www.visitms.com.br\\\/wp-content\\\/uploads\\\/2023\\\/03\\\/flavioandre_riosucuri_bonito_ms_27204415008_o-scaled.jpg\",\"width\":2560,\"height\":1920},{\"@type\":\"BreadcrumbList\",\"@id\":\"https:\\\/\\\/www.visitms.com.br\\\/noticias\\\/sustentabilidade\\\/fundturms-e-finalista-do-premio-de-turismo-responsavel-2023-da-wtm-la\\\/#breadcrumb\",\"itemListElement\":[{\"@type\":\"ListItem\",\"position\":1,\"name\":\"In\u00edcio\",\"item\":\"https:\\\/\\\/www.visitms.com.br\\\/\"},{\"@type\":\"ListItem\",\"position\":2,\"name\":\"FundturMS \u00e9 finalista do Pr\u00eamio de Turismo Respons\u00e1vel 2023 da WTM LA\"}]},{\"@type\":\"WebSite\",\"@id\":\"https:\\\/\\\/www.visitms.com.br\\\/#website\",\"url\":\"https:\\\/\\\/www.visitms.com.br\\\/\",\"name\":\"VisitMS\",\"description\":\"\",\"potentialAction\":[{\"@type\":\"SearchAction\",\"target\":{\"@type\":\"EntryPoint\",\"urlTemplate\":\"https:\\\/\\\/www.visitms.com.br\\\/?s={search_term_string}\"},\"query-input\":{\"@type\":\"PropertyValueSpecification\",\"valueRequired\":true,\"valueName\":\"search_term_string\"}}],\"inLanguage\":\"en-US\"},{\"@type\":\"Person\",\"@id\":\"https:\\\/\\\/www.visitms.com.br\\\/#\\\/schema\\\/person\\\/71dd2018aaa6897e87102df6bc9d5a86\",\"name\":\"adm@visitms.com.br\",\"image\":{\"@type\":\"ImageObject\",\"inLanguage\":\"en-US\",\"@id\":\"https:\\\/\\\/secure.gravatar.com\\\/avatar\\\/ec36558b0fcf6d4355a40e2660ca31cd3c1578f8a1953ac310c9d42cc455afcc?s=96&d=mm&r=g\",\"url\":\"https:\\\/\\\/secure.gravatar.com\\\/avatar\\\/ec36558b0fcf6d4355a40e2660ca31cd3c1578f8a1953ac310c9d42cc455afcc?s=96&d=mm&r=g\",\"contentUrl\":\"https:\\\/\\\/secure.gravatar.com\\\/avatar\\\/ec36558b0fcf6d4355a40e2660ca31cd3c1578f8a1953ac310c9d42cc455afcc?s=96&d=mm&r=g\",\"caption\":\"adm@visitms.com.br\"},\"url\":\"https:\\\/\\\/www.visitms.com.br\\\/en\\\/author\\\/admvisitms-com-br\\\/\"}]}<\/script>\n<!-- \/ Yoast SEO plugin. -->","yoast_head_json":{"title":"FundturMS \u00e9 finalista do Pr\u00eamio de Turismo Respons\u00e1vel 2023 da WTM LA - VisitMS","robots":{"index":"index","follow":"follow","max-snippet":"max-snippet:-1","max-image-preview":"max-image-preview:large","max-video-preview":"max-video-preview:-1"},"canonical":"https:\/\/www.visitms.com.br\/noticias\/sustentabilidade\/fundturms-e-finalista-do-premio-de-turismo-responsavel-2023-da-wtm-la\/","og_locale":"en_US","og_type":"article","og_title":"FundturMS \u00e9 finalista do Pr\u00eamio de Turismo Respons\u00e1vel 2023 da WTM LA - VisitMS","og_url":"https:\/\/www.visitms.com.br\/noticias\/sustentabilidade\/fundturms-e-finalista-do-premio-de-turismo-responsavel-2023-da-wtm-la\/","og_site_name":"VisitMS","article_published_time":"2023-03-20T15:19:04+00:00","article_modified_time":"2023-08-15T19:20:15+00:00","og_image":[{"width":2560,"height":1920,"url":"https:\/\/www.visitms.com.br\/wp-content\/uploads\/2023\/03\/flavioandre_riosucuri_bonito_ms_27204415008_o-scaled.jpg","type":"image\/jpeg"}],"author":"adm@visitms.com.br","twitter_card":"summary_large_image","twitter_misc":{"Written by":"adm@visitms.com.br","Est. reading time":"3 minutes"},"schema":{"@context":"https:\/\/schema.org","@graph":[{"@type":"Article","@id":"https:\/\/www.visitms.com.br\/noticias\/sustentabilidade\/fundturms-e-finalista-do-premio-de-turismo-responsavel-2023-da-wtm-la\/#article","isPartOf":{"@id":"https:\/\/www.visitms.com.br\/noticias\/sustentabilidade\/fundturms-e-finalista-do-premio-de-turismo-responsavel-2023-da-wtm-la\/"},"author":{"name":"adm@visitms.com.br","@id":"https:\/\/www.visitms.com.br\/#\/schema\/person\/71dd2018aaa6897e87102df6bc9d5a86"},"headline":"FundturMS \u00e9 finalista do Pr\u00eamio de Turismo Respons\u00e1vel 2023 da WTM LA","datePublished":"2023-03-20T15:19:04+00:00","dateModified":"2023-08-15T19:20:15+00:00","mainEntityOfPage":{"@id":"https:\/\/www.visitms.com.br\/noticias\/sustentabilidade\/fundturms-e-finalista-do-premio-de-turismo-responsavel-2023-da-wtm-la\/"},"wordCount":602,"commentCount":0,"image":{"@id":"https:\/\/www.visitms.com.br\/noticias\/sustentabilidade\/fundturms-e-finalista-do-premio-de-turismo-responsavel-2023-da-wtm-la\/#primaryimage"},"thumbnailUrl":"https:\/\/www.visitms.com.br\/wp-content\/uploads\/2023\/03\/flavioandre_riosucuri_bonito_ms_27204415008_o-scaled.jpg","keywords":["turismo respons\u00e1vel"],"articleSection":["Sustentabilidade"],"inLanguage":"en-US","potentialAction":[{"@type":"CommentAction","name":"Comment","target":["https:\/\/www.visitms.com.br\/noticias\/sustentabilidade\/fundturms-e-finalista-do-premio-de-turismo-responsavel-2023-da-wtm-la\/#respond"]}]},{"@type":"WebPage","@id":"https:\/\/www.visitms.com.br\/noticias\/sustentabilidade\/fundturms-e-finalista-do-premio-de-turismo-responsavel-2023-da-wtm-la\/","url":"https:\/\/www.visitms.com.br\/noticias\/sustentabilidade\/fundturms-e-finalista-do-premio-de-turismo-responsavel-2023-da-wtm-la\/","name":"FundturMS \u00e9 finalista do Pr\u00eamio de Turismo Respons\u00e1vel 2023 da WTM LA - VisitMS","isPartOf":{"@id":"https:\/\/www.visitms.com.br\/#website"},"primaryImageOfPage":{"@id":"https:\/\/www.visitms.com.br\/noticias\/sustentabilidade\/fundturms-e-finalista-do-premio-de-turismo-responsavel-2023-da-wtm-la\/#primaryimage"},"image":{"@id":"https:\/\/www.visitms.com.br\/noticias\/sustentabilidade\/fundturms-e-finalista-do-premio-de-turismo-responsavel-2023-da-wtm-la\/#primaryimage"},"thumbnailUrl":"https:\/\/www.visitms.com.br\/wp-content\/uploads\/2023\/03\/flavioandre_riosucuri_bonito_ms_27204415008_o-scaled.jpg","datePublished":"2023-03-20T15:19:04+00:00","dateModified":"2023-08-15T19:20:15+00:00","author":{"@id":"https:\/\/www.visitms.com.br\/#\/schema\/person\/71dd2018aaa6897e87102df6bc9d5a86"},"breadcrumb":{"@id":"https:\/\/www.visitms.com.br\/noticias\/sustentabilidade\/fundturms-e-finalista-do-premio-de-turismo-responsavel-2023-da-wtm-la\/#breadcrumb"},"inLanguage":"en-US","potentialAction":[{"@type":"ReadAction","target":["https:\/\/www.visitms.com.br\/noticias\/sustentabilidade\/fundturms-e-finalista-do-premio-de-turismo-responsavel-2023-da-wtm-la\/"]}]},{"@type":"ImageObject","inLanguage":"en-US","@id":"https:\/\/www.visitms.com.br\/noticias\/sustentabilidade\/fundturms-e-finalista-do-premio-de-turismo-responsavel-2023-da-wtm-la\/#primaryimage","url":"https:\/\/www.visitms.com.br\/wp-content\/uploads\/2023\/03\/flavioandre_riosucuri_bonito_ms_27204415008_o-scaled.jpg","contentUrl":"https:\/\/www.visitms.com.br\/wp-content\/uploads\/2023\/03\/flavioandre_riosucuri_bonito_ms_27204415008_o-scaled.jpg","width":2560,"height":1920},{"@type":"BreadcrumbList","@id":"https:\/\/www.visitms.com.br\/noticias\/sustentabilidade\/fundturms-e-finalista-do-premio-de-turismo-responsavel-2023-da-wtm-la\/#breadcrumb","itemListElement":[{"@type":"ListItem","position":1,"name":"In\u00edcio","item":"https:\/\/www.visitms.com.br\/"},{"@type":"ListItem","position":2,"name":"FundturMS \u00e9 finalista do Pr\u00eamio de Turismo Respons\u00e1vel 2023 da WTM LA"}]},{"@type":"WebSite","@id":"https:\/\/www.visitms.com.br\/#website","url":"https:\/\/www.visitms.com.br\/","name":"VisitMS","description":"","potentialAction":[{"@type":"SearchAction","target":{"@type":"EntryPoint","urlTemplate":"https:\/\/www.visitms.com.br\/?s={search_term_string}"},"query-input":{"@type":"PropertyValueSpecification","valueRequired":true,"valueName":"search_term_string"}}],"inLanguage":"en-US"},{"@type":"Person","@id":"https:\/\/www.visitms.com.br\/#\/schema\/person\/71dd2018aaa6897e87102df6bc9d5a86","name":"adm@visitms.com.br","image":{"@type":"ImageObject","inLanguage":"en-US","@id":"https:\/\/secure.gravatar.com\/avatar\/ec36558b0fcf6d4355a40e2660ca31cd3c1578f8a1953ac310c9d42cc455afcc?s=96&d=mm&r=g","url":"https:\/\/secure.gravatar.com\/avatar\/ec36558b0fcf6d4355a40e2660ca31cd3c1578f8a1953ac310c9d42cc455afcc?s=96&d=mm&r=g","contentUrl":"https:\/\/secure.gravatar.com\/avatar\/ec36558b0fcf6d4355a40e2660ca31cd3c1578f8a1953ac310c9d42cc455afcc?s=96&d=mm&r=g","caption":"adm@visitms.com.br"},"url":"https:\/\/www.visitms.com.br\/en\/author\/admvisitms-com-br\/"}]}},"_links":{"self":[{"href":"https:\/\/www.visitms.com.br\/en\/wp-json\/wp\/v2\/posts\/2743","targetHints":{"allow":["GET"]}}],"collection":[{"href":"https:\/\/www.visitms.com.br\/en\/wp-json\/wp\/v2\/posts"}],"about":[{"href":"https:\/\/www.visitms.com.br\/en\/wp-json\/wp\/v2\/types\/post"}],"author":[{"embeddable":true,"href":"https:\/\/www.visitms.com.br\/en\/wp-json\/wp\/v2\/users\/2"}],"replies":[{"embeddable":true,"href":"https:\/\/www.visitms.com.br\/en\/wp-json\/wp\/v2\/comments?post=2743"}],"version-history":[{"count":1,"href":"https:\/\/www.visitms.com.br\/en\/wp-json\/wp\/v2\/posts\/2743\/revisions"}],"predecessor-version":[{"id":2744,"href":"https:\/\/www.visitms.com.br\/en\/wp-json\/wp\/v2\/posts\/2743\/revisions\/2744"}],"wp:featuredmedia":[{"embeddable":true,"href":"https:\/\/www.visitms.com.br\/en\/wp-json\/wp\/v2\/media\/2779"}],"wp:attachment":[{"href":"https:\/\/www.visitms.com.br\/en\/wp-json\/wp\/v2\/media?parent=2743"}],"wp:term":[{"taxonomy":"category","embeddable":true,"href":"https:\/\/www.visitms.com.br\/en\/wp-json\/wp\/v2\/categories?post=2743"},{"taxonomy":"post_tag","embeddable":true,"href":"https:\/\/www.visitms.com.br\/en\/wp-json\/wp\/v2\/tags?post=2743"}],"curies":[{"name":"wp","href":"https:\/\/api.w.org\/{rel}","templated":true}]}}