{"id":2747,"date":"2023-05-15T12:23:57","date_gmt":"2023-05-15T15:23:57","guid":{"rendered":"https:\/\/www.visitms.com.br\/?p=2747"},"modified":"2023-08-15T16:16:43","modified_gmt":"2023-08-15T19:16:43","slug":"inspira-ecoturismo-chega-na-2a-edicao-com-debates-sobre-sustentabilidade-do-turismo","status":"publish","type":"post","link":"https:\/\/www.visitms.com.br\/en\/noticias\/sustentabilidade\/inspira-ecoturismo-chega-na-2a-edicao-com-debates-sobre-sustentabilidade-do-turismo\/","title":{"rendered":"\u201cInspira Ecoturismo\u201d chega na 2\u00aa edi\u00e7\u00e3o com debates sobre sustentabilidade do turismo"},"content":{"rendered":"<p>Refer\u00eancia mundial em gest\u00e3o do ecoturismo, o munic\u00edpio de Bonito (MS) recebe pela segunda vez o semin\u00e1rio \u201cInspira Ecoturismo\u201d. Entre os dias 16 e 20 de maio, gestores p\u00fablicos, empreendedores, profissionais, pesquisadores e demais interessados no desenvolvimento do Ecoturismo, Turismo de Natureza e Aventura v\u00e3o debater como esses segmentos podem transformar pessoas e lugares.<\/p>\n<p>O diretor-presidente da Funda\u00e7\u00e3o de Turismo de Mato Grosso do Sul (FundturMS), Bruno Wendling, fala um pouco sobre a participa\u00e7\u00e3o da institui\u00e7\u00e3o que tamb\u00e9m \u00e9 apoiadora do evento. \u201cVou mediar um painel sobre destinos de ecoturismo de excel\u00eancia com os cases de Bonito (MS) e de Socorro (SP). Vamos abordar o nosso trabalho sobre a certifica\u00e7\u00e3o de Bonito, como o primeiro destino de ecoturismo do mundo carbono neutro, do desafio de redu\u00e7\u00e3o da pegada de carbono e das a\u00e7\u00f5es que ser\u00e3o implementadas ao longo dos pr\u00f3ximos anos\u201d, explica.<\/p>\n<p>\u201cTamb\u00e9m vamos aproveitar o espa\u00e7o para trocar informa\u00e7\u00f5es e refor\u00e7ar o posicionamento do Mato Grosso do Sul na lideran\u00e7a do mercado de natureza hoje no pa\u00eds. Ser\u00e1 um excelente evento, onde ser\u00e3o debatidos muitos temas importantes das diversas \u00e1reas do turismo nacional\u201d, conclui Wendling.<\/p>\n<p>Durante os cinco dias do 2\u00ba Inspira Ecoturismo ser\u00e3o realizados talks, oficinas e palestras com especialistas, al\u00e9m de visitas t\u00e9cnicas a destinos da regi\u00e3o e sess\u00e3o de neg\u00f3cios. O semin\u00e1rio abordar\u00e1 temas como tend\u00eancias no Ecoturismo, novos perfis de viajantes, seguran\u00e7a no Turismo de Aventura, Marketing de empresas e de destinos, Turismo e as Unidades de Conserva\u00e7\u00e3o, entre outros.<\/p>\n<p>S\u00e3o mais de 20 atividades programadas em diversos locais de Bonito e regi\u00e3o. O objetivo com a ampla programa\u00e7\u00e3o \u00e9 proporcionar aos participantes troca de conhecimentos, oportunidades e conex\u00f5es com refer\u00eancias da \u00e1rea, de modo a fomentar o empreendedorismo, a inova\u00e7\u00e3o e os neg\u00f3cios nas atividades tur\u00edsticas com voca\u00e7\u00e3o para o turismo sustent\u00e1vel.<\/p>\n<p>Mato Grosso do Sul se destaca por conta da regi\u00e3o da Serra da Bodoquena e Bonito, que j\u00e1 foi eleita 16 vezes como o \u201cMelhor Destino de Ecoturismo\u201d do Brasil pela revista especializada Viagem e Turismo. E, se depender dos turistas, existe espa\u00e7o para que outros destinos com esta voca\u00e7\u00e3o tamb\u00e9m despontem. Estudo desenvolvido pelo Polo Sebrae de Ecoturismo, de 2022, aponta que o Ecoturismo \u00e9 a terceira maior motiva\u00e7\u00e3o de quem chega ao estado pela Capital, Campo Grande.<\/p>\n<p><strong>Destaques da programa\u00e7\u00e3o<\/strong><\/p>\n<p>A abertura oficial do evento, que \u00e9 uma realiza\u00e7\u00e3o do Sebrae\/MS por meio do Polo Sebrae de Ecoturismo, acontece no dia 16 de maio, \u00e0s 18h, no Wetiga Hotel (Rua Cel. P\u00edlad R\u00e9bua, 679), seguida da palestra \u201cFelicidade: O destino que todos buscamos\u201d, al\u00e9m de atra\u00e7\u00f5es culturais.<\/p>\n<p>No dia seguinte, 17, a partir de 8h, ocorrem pain\u00e9is, palestras, compartilhamento de hist\u00f3rias de sucesso e amostra no per\u00edodo da manh\u00e3 e tarde. Toda esta programa\u00e7\u00e3o acontece no Hotel Wetiga.<\/p>\n<p>No dia 18, tamb\u00e9m tem pain\u00e9is, palestras, amostra e oficinas no hotel. Em outro local, no mesmo dia, ser\u00e1 realizada uma sess\u00e3o de neg\u00f3cios, com reuni\u00f5es em que empresas v\u00e3o apresentar produtos e servi\u00e7os, para encontrar novos compradores e fornecedores para fortalecer o segmento do Ecoturismo. Anteriormente \u00e0 sess\u00e3o, acontece a palestra \u201cComercializa\u00e7\u00e3o do Pantanal Sul\u201d, para dar insights aos participantes. As iniciativas ter\u00e3o in\u00edcio a partir de 8h, no Marru\u00e1 Hotel (R. Joana Sorta, 1173, Bonito).<\/p>\n<p><strong>Encerramento com Gabriel Sater<\/strong><\/p>\n<p>Ainda no dia 18, quinta-feira, acontece o encerramento do semin\u00e1rio Inspira Ecoturismo. A grande atra\u00e7\u00e3o ser\u00e1 o cantor, compositor e instrumentista Gabriel Sater, que far\u00e1 uma apresenta\u00e7\u00e3o gratuita enaltecendo a riqueza da cultura regional. O show acontecer\u00e1 \u00e0s 18h30, na pra\u00e7a da Liberdade, na regi\u00e3o central de Bonito. J\u00e1 nos dias 19 e 20 de maio, ser\u00e3o realizadas as visitas t\u00e9cnicas aos atrativos da regi\u00e3o, proporcionando experi\u00eancias \u00fanicas aos participantes.<\/p>\n<p>Nesta segunda edi\u00e7\u00e3o, o Inspira Ecoturismo recebe o apoio da Prefeitura Municipal de Bonito, por meio da Secretaria de Turismo, Ind\u00fastria e Com\u00e9rcio (Sectur); Governo do Estado, via Funda\u00e7\u00e3o de Turismo de Mato Grosso do Sul (Fundtur MS) e Funda\u00e7\u00e3o de Cultura de Mato Grosso do Sul (FCMS); Ag\u00eancia Brasileira de Promo\u00e7\u00e3o Internacional do Turismo (Embratur) e Associa\u00e7\u00e3o Brasileira das Empresas de Ecoturismo e Turismo de Aventura (Abeta).<\/p>\n<p>Para conferir toda a programa\u00e7\u00e3o e se inscrever para participar, os interessados devem acessar o site inspira.ms.sebrae.com.br.<\/p>\n<p><em>Texto: D\u00e9bora Bordin, FundturMS, com informa\u00e7\u00f5es do Sebrae MS \/ Foto: @visitmsoficial<\/em><\/p>\n","protected":false},"excerpt":{"rendered":"<p>Refer\u00eancia mundial em gest\u00e3o do ecoturismo, o munic\u00edpio de Bonito (MS) recebe pela segunda vez o semin\u00e1rio \u201cInspira Ecoturismo\u201d. Entre [&hellip;]<\/p>\n","protected":false},"author":2,"featured_media":2776,"comment_status":"open","ping_status":"open","sticky":false,"template":"","format":"standard","meta":{"_acf_changed":false,"footnotes":""},"categories":[109],"tags":[116],"class_list":["post-2747","post","type-post","status-publish","format-standard","has-post-thumbnail","hentry","category-sustentabilidade","tag-turismo-de-natureza-e-aventura"],"translation":{"provider":"WPGlobus","version":"3.0.2","language":"en","enabled_languages":["br","en","es"],"languages":{"br":{"title":true,"content":true,"excerpt":false},"en":{"title":false,"content":false,"excerpt":false},"es":{"title":false,"content":false,"excerpt":false}}},"acf":[],"yoast_head":"<!-- This site is optimized with the Yoast SEO plugin v27.3 - https:\/\/yoast.com\/product\/yoast-seo-wordpress\/ -->\n<title>\u201cInspira Ecoturismo\u201d chega na 2\u00aa edi\u00e7\u00e3o com debates sobre sustentabilidade do turismo - VisitMS<\/title>\n<meta name=\"robots\" content=\"index, follow, max-snippet:-1, max-image-preview:large, max-video-preview:-1\" \/>\n<link rel=\"canonical\" href=\"https:\/\/www.visitms.com.br\/noticias\/sustentabilidade\/inspira-ecoturismo-chega-na-2a-edicao-com-debates-sobre-sustentabilidade-do-turismo\/\" \/>\n<meta property=\"og:locale\" content=\"en_US\" \/>\n<meta property=\"og:type\" content=\"article\" \/>\n<meta property=\"og:title\" content=\"\u201cInspira Ecoturismo\u201d chega na 2\u00aa edi\u00e7\u00e3o com debates sobre sustentabilidade do turismo - VisitMS\" \/>\n<meta property=\"og:url\" content=\"https:\/\/www.visitms.com.br\/noticias\/sustentabilidade\/inspira-ecoturismo-chega-na-2a-edicao-com-debates-sobre-sustentabilidade-do-turismo\/\" \/>\n<meta property=\"og:site_name\" content=\"VisitMS\" \/>\n<meta property=\"article:published_time\" content=\"2023-05-15T15:23:57+00:00\" \/>\n<meta property=\"article:modified_time\" content=\"2023-08-15T19:16:43+00:00\" \/>\n<meta property=\"og:image\" content=\"https:\/\/www.visitms.com.br\/wp-content\/uploads\/2023\/08\/Bucaro-das-Araras_Araras-Vermelhas-viasta-de-cima_visitmsoficial.jpg\" \/>\n\t<meta property=\"og:image:width\" content=\"1000\" \/>\n\t<meta property=\"og:image:height\" content=\"664\" \/>\n\t<meta property=\"og:image:type\" content=\"image\/jpeg\" \/>\n<meta name=\"author\" content=\"adm@visitms.com.br\" \/>\n<meta name=\"twitter:card\" content=\"summary_large_image\" \/>\n<meta name=\"twitter:label1\" content=\"Written by\" \/>\n\t<meta name=\"twitter:data1\" content=\"adm@visitms.com.br\" \/>\n\t<meta name=\"twitter:label2\" content=\"Est. reading time\" \/>\n\t<meta name=\"twitter:data2\" content=\"4 minutes\" \/>\n<script type=\"application\/ld+json\" class=\"yoast-schema-graph\">{\"@context\":\"https:\\\/\\\/schema.org\",\"@graph\":[{\"@type\":\"Article\",\"@id\":\"https:\\\/\\\/www.visitms.com.br\\\/noticias\\\/sustentabilidade\\\/inspira-ecoturismo-chega-na-2a-edicao-com-debates-sobre-sustentabilidade-do-turismo\\\/#article\",\"isPartOf\":{\"@id\":\"https:\\\/\\\/www.visitms.com.br\\\/noticias\\\/sustentabilidade\\\/inspira-ecoturismo-chega-na-2a-edicao-com-debates-sobre-sustentabilidade-do-turismo\\\/\"},\"author\":{\"name\":\"adm@visitms.com.br\",\"@id\":\"https:\\\/\\\/www.visitms.com.br\\\/#\\\/schema\\\/person\\\/71dd2018aaa6897e87102df6bc9d5a86\"},\"headline\":\"\u201cInspira Ecoturismo\u201d chega na 2\u00aa edi\u00e7\u00e3o com debates sobre sustentabilidade do turismo\",\"datePublished\":\"2023-05-15T15:23:57+00:00\",\"dateModified\":\"2023-08-15T19:16:43+00:00\",\"mainEntityOfPage\":{\"@id\":\"https:\\\/\\\/www.visitms.com.br\\\/noticias\\\/sustentabilidade\\\/inspira-ecoturismo-chega-na-2a-edicao-com-debates-sobre-sustentabilidade-do-turismo\\\/\"},\"wordCount\":792,\"commentCount\":0,\"image\":{\"@id\":\"https:\\\/\\\/www.visitms.com.br\\\/noticias\\\/sustentabilidade\\\/inspira-ecoturismo-chega-na-2a-edicao-com-debates-sobre-sustentabilidade-do-turismo\\\/#primaryimage\"},\"thumbnailUrl\":\"https:\\\/\\\/www.visitms.com.br\\\/wp-content\\\/uploads\\\/2023\\\/08\\\/Bucaro-das-Araras_Araras-Vermelhas-viasta-de-cima_visitmsoficial.jpg\",\"keywords\":[\"Turismo de Natureza e Aventura\"],\"articleSection\":[\"Sustentabilidade\"],\"inLanguage\":\"en-US\",\"potentialAction\":[{\"@type\":\"CommentAction\",\"name\":\"Comment\",\"target\":[\"https:\\\/\\\/www.visitms.com.br\\\/noticias\\\/sustentabilidade\\\/inspira-ecoturismo-chega-na-2a-edicao-com-debates-sobre-sustentabilidade-do-turismo\\\/#respond\"]}]},{\"@type\":\"WebPage\",\"@id\":\"https:\\\/\\\/www.visitms.com.br\\\/noticias\\\/sustentabilidade\\\/inspira-ecoturismo-chega-na-2a-edicao-com-debates-sobre-sustentabilidade-do-turismo\\\/\",\"url\":\"https:\\\/\\\/www.visitms.com.br\\\/noticias\\\/sustentabilidade\\\/inspira-ecoturismo-chega-na-2a-edicao-com-debates-sobre-sustentabilidade-do-turismo\\\/\",\"name\":\"\u201cInspira Ecoturismo\u201d chega na 2\u00aa edi\u00e7\u00e3o com debates sobre sustentabilidade do turismo - VisitMS\",\"isPartOf\":{\"@id\":\"https:\\\/\\\/www.visitms.com.br\\\/#website\"},\"primaryImageOfPage\":{\"@id\":\"https:\\\/\\\/www.visitms.com.br\\\/noticias\\\/sustentabilidade\\\/inspira-ecoturismo-chega-na-2a-edicao-com-debates-sobre-sustentabilidade-do-turismo\\\/#primaryimage\"},\"image\":{\"@id\":\"https:\\\/\\\/www.visitms.com.br\\\/noticias\\\/sustentabilidade\\\/inspira-ecoturismo-chega-na-2a-edicao-com-debates-sobre-sustentabilidade-do-turismo\\\/#primaryimage\"},\"thumbnailUrl\":\"https:\\\/\\\/www.visitms.com.br\\\/wp-content\\\/uploads\\\/2023\\\/08\\\/Bucaro-das-Araras_Araras-Vermelhas-viasta-de-cima_visitmsoficial.jpg\",\"datePublished\":\"2023-05-15T15:23:57+00:00\",\"dateModified\":\"2023-08-15T19:16:43+00:00\",\"author\":{\"@id\":\"https:\\\/\\\/www.visitms.com.br\\\/#\\\/schema\\\/person\\\/71dd2018aaa6897e87102df6bc9d5a86\"},\"breadcrumb\":{\"@id\":\"https:\\\/\\\/www.visitms.com.br\\\/noticias\\\/sustentabilidade\\\/inspira-ecoturismo-chega-na-2a-edicao-com-debates-sobre-sustentabilidade-do-turismo\\\/#breadcrumb\"},\"inLanguage\":\"en-US\",\"potentialAction\":[{\"@type\":\"ReadAction\",\"target\":[\"https:\\\/\\\/www.visitms.com.br\\\/noticias\\\/sustentabilidade\\\/inspira-ecoturismo-chega-na-2a-edicao-com-debates-sobre-sustentabilidade-do-turismo\\\/\"]}]},{\"@type\":\"ImageObject\",\"inLanguage\":\"en-US\",\"@id\":\"https:\\\/\\\/www.visitms.com.br\\\/noticias\\\/sustentabilidade\\\/inspira-ecoturismo-chega-na-2a-edicao-com-debates-sobre-sustentabilidade-do-turismo\\\/#primaryimage\",\"url\":\"https:\\\/\\\/www.visitms.com.br\\\/wp-content\\\/uploads\\\/2023\\\/08\\\/Bucaro-das-Araras_Araras-Vermelhas-viasta-de-cima_visitmsoficial.jpg\",\"contentUrl\":\"https:\\\/\\\/www.visitms.com.br\\\/wp-content\\\/uploads\\\/2023\\\/08\\\/Bucaro-das-Araras_Araras-Vermelhas-viasta-de-cima_visitmsoficial.jpg\",\"width\":1000,\"height\":664},{\"@type\":\"BreadcrumbList\",\"@id\":\"https:\\\/\\\/www.visitms.com.br\\\/noticias\\\/sustentabilidade\\\/inspira-ecoturismo-chega-na-2a-edicao-com-debates-sobre-sustentabilidade-do-turismo\\\/#breadcrumb\",\"itemListElement\":[{\"@type\":\"ListItem\",\"position\":1,\"name\":\"In\u00edcio\",\"item\":\"https:\\\/\\\/www.visitms.com.br\\\/\"},{\"@type\":\"ListItem\",\"position\":2,\"name\":\"\u201cInspira Ecoturismo\u201d chega na 2\u00aa edi\u00e7\u00e3o com debates sobre sustentabilidade do turismo\"}]},{\"@type\":\"WebSite\",\"@id\":\"https:\\\/\\\/www.visitms.com.br\\\/#website\",\"url\":\"https:\\\/\\\/www.visitms.com.br\\\/\",\"name\":\"VisitMS\",\"description\":\"\",\"potentialAction\":[{\"@type\":\"SearchAction\",\"target\":{\"@type\":\"EntryPoint\",\"urlTemplate\":\"https:\\\/\\\/www.visitms.com.br\\\/?s={search_term_string}\"},\"query-input\":{\"@type\":\"PropertyValueSpecification\",\"valueRequired\":true,\"valueName\":\"search_term_string\"}}],\"inLanguage\":\"en-US\"},{\"@type\":\"Person\",\"@id\":\"https:\\\/\\\/www.visitms.com.br\\\/#\\\/schema\\\/person\\\/71dd2018aaa6897e87102df6bc9d5a86\",\"name\":\"adm@visitms.com.br\",\"image\":{\"@type\":\"ImageObject\",\"inLanguage\":\"en-US\",\"@id\":\"https:\\\/\\\/secure.gravatar.com\\\/avatar\\\/ec36558b0fcf6d4355a40e2660ca31cd3c1578f8a1953ac310c9d42cc455afcc?s=96&d=mm&r=g\",\"url\":\"https:\\\/\\\/secure.gravatar.com\\\/avatar\\\/ec36558b0fcf6d4355a40e2660ca31cd3c1578f8a1953ac310c9d42cc455afcc?s=96&d=mm&r=g\",\"contentUrl\":\"https:\\\/\\\/secure.gravatar.com\\\/avatar\\\/ec36558b0fcf6d4355a40e2660ca31cd3c1578f8a1953ac310c9d42cc455afcc?s=96&d=mm&r=g\",\"caption\":\"adm@visitms.com.br\"},\"url\":\"https:\\\/\\\/www.visitms.com.br\\\/en\\\/author\\\/admvisitms-com-br\\\/\"}]}<\/script>\n<!-- \/ Yoast SEO plugin. -->","yoast_head_json":{"title":"\u201cInspira Ecoturismo\u201d chega na 2\u00aa edi\u00e7\u00e3o com debates sobre sustentabilidade do turismo - VisitMS","robots":{"index":"index","follow":"follow","max-snippet":"max-snippet:-1","max-image-preview":"max-image-preview:large","max-video-preview":"max-video-preview:-1"},"canonical":"https:\/\/www.visitms.com.br\/noticias\/sustentabilidade\/inspira-ecoturismo-chega-na-2a-edicao-com-debates-sobre-sustentabilidade-do-turismo\/","og_locale":"en_US","og_type":"article","og_title":"\u201cInspira Ecoturismo\u201d chega na 2\u00aa edi\u00e7\u00e3o com debates sobre sustentabilidade do turismo - VisitMS","og_url":"https:\/\/www.visitms.com.br\/noticias\/sustentabilidade\/inspira-ecoturismo-chega-na-2a-edicao-com-debates-sobre-sustentabilidade-do-turismo\/","og_site_name":"VisitMS","article_published_time":"2023-05-15T15:23:57+00:00","article_modified_time":"2023-08-15T19:16:43+00:00","og_image":[{"width":1000,"height":664,"url":"https:\/\/www.visitms.com.br\/wp-content\/uploads\/2023\/08\/Bucaro-das-Araras_Araras-Vermelhas-viasta-de-cima_visitmsoficial.jpg","type":"image\/jpeg"}],"author":"adm@visitms.com.br","twitter_card":"summary_large_image","twitter_misc":{"Written by":"adm@visitms.com.br","Est. reading time":"4 minutes"},"schema":{"@context":"https:\/\/schema.org","@graph":[{"@type":"Article","@id":"https:\/\/www.visitms.com.br\/noticias\/sustentabilidade\/inspira-ecoturismo-chega-na-2a-edicao-com-debates-sobre-sustentabilidade-do-turismo\/#article","isPartOf":{"@id":"https:\/\/www.visitms.com.br\/noticias\/sustentabilidade\/inspira-ecoturismo-chega-na-2a-edicao-com-debates-sobre-sustentabilidade-do-turismo\/"},"author":{"name":"adm@visitms.com.br","@id":"https:\/\/www.visitms.com.br\/#\/schema\/person\/71dd2018aaa6897e87102df6bc9d5a86"},"headline":"\u201cInspira Ecoturismo\u201d chega na 2\u00aa edi\u00e7\u00e3o com debates sobre sustentabilidade do turismo","datePublished":"2023-05-15T15:23:57+00:00","dateModified":"2023-08-15T19:16:43+00:00","mainEntityOfPage":{"@id":"https:\/\/www.visitms.com.br\/noticias\/sustentabilidade\/inspira-ecoturismo-chega-na-2a-edicao-com-debates-sobre-sustentabilidade-do-turismo\/"},"wordCount":792,"commentCount":0,"image":{"@id":"https:\/\/www.visitms.com.br\/noticias\/sustentabilidade\/inspira-ecoturismo-chega-na-2a-edicao-com-debates-sobre-sustentabilidade-do-turismo\/#primaryimage"},"thumbnailUrl":"https:\/\/www.visitms.com.br\/wp-content\/uploads\/2023\/08\/Bucaro-das-Araras_Araras-Vermelhas-viasta-de-cima_visitmsoficial.jpg","keywords":["Turismo de Natureza e Aventura"],"articleSection":["Sustentabilidade"],"inLanguage":"en-US","potentialAction":[{"@type":"CommentAction","name":"Comment","target":["https:\/\/www.visitms.com.br\/noticias\/sustentabilidade\/inspira-ecoturismo-chega-na-2a-edicao-com-debates-sobre-sustentabilidade-do-turismo\/#respond"]}]},{"@type":"WebPage","@id":"https:\/\/www.visitms.com.br\/noticias\/sustentabilidade\/inspira-ecoturismo-chega-na-2a-edicao-com-debates-sobre-sustentabilidade-do-turismo\/","url":"https:\/\/www.visitms.com.br\/noticias\/sustentabilidade\/inspira-ecoturismo-chega-na-2a-edicao-com-debates-sobre-sustentabilidade-do-turismo\/","name":"\u201cInspira Ecoturismo\u201d chega na 2\u00aa edi\u00e7\u00e3o com debates sobre sustentabilidade do turismo - VisitMS","isPartOf":{"@id":"https:\/\/www.visitms.com.br\/#website"},"primaryImageOfPage":{"@id":"https:\/\/www.visitms.com.br\/noticias\/sustentabilidade\/inspira-ecoturismo-chega-na-2a-edicao-com-debates-sobre-sustentabilidade-do-turismo\/#primaryimage"},"image":{"@id":"https:\/\/www.visitms.com.br\/noticias\/sustentabilidade\/inspira-ecoturismo-chega-na-2a-edicao-com-debates-sobre-sustentabilidade-do-turismo\/#primaryimage"},"thumbnailUrl":"https:\/\/www.visitms.com.br\/wp-content\/uploads\/2023\/08\/Bucaro-das-Araras_Araras-Vermelhas-viasta-de-cima_visitmsoficial.jpg","datePublished":"2023-05-15T15:23:57+00:00","dateModified":"2023-08-15T19:16:43+00:00","author":{"@id":"https:\/\/www.visitms.com.br\/#\/schema\/person\/71dd2018aaa6897e87102df6bc9d5a86"},"breadcrumb":{"@id":"https:\/\/www.visitms.com.br\/noticias\/sustentabilidade\/inspira-ecoturismo-chega-na-2a-edicao-com-debates-sobre-sustentabilidade-do-turismo\/#breadcrumb"},"inLanguage":"en-US","potentialAction":[{"@type":"ReadAction","target":["https:\/\/www.visitms.com.br\/noticias\/sustentabilidade\/inspira-ecoturismo-chega-na-2a-edicao-com-debates-sobre-sustentabilidade-do-turismo\/"]}]},{"@type":"ImageObject","inLanguage":"en-US","@id":"https:\/\/www.visitms.com.br\/noticias\/sustentabilidade\/inspira-ecoturismo-chega-na-2a-edicao-com-debates-sobre-sustentabilidade-do-turismo\/#primaryimage","url":"https:\/\/www.visitms.com.br\/wp-content\/uploads\/2023\/08\/Bucaro-das-Araras_Araras-Vermelhas-viasta-de-cima_visitmsoficial.jpg","contentUrl":"https:\/\/www.visitms.com.br\/wp-content\/uploads\/2023\/08\/Bucaro-das-Araras_Araras-Vermelhas-viasta-de-cima_visitmsoficial.jpg","width":1000,"height":664},{"@type":"BreadcrumbList","@id":"https:\/\/www.visitms.com.br\/noticias\/sustentabilidade\/inspira-ecoturismo-chega-na-2a-edicao-com-debates-sobre-sustentabilidade-do-turismo\/#breadcrumb","itemListElement":[{"@type":"ListItem","position":1,"name":"In\u00edcio","item":"https:\/\/www.visitms.com.br\/"},{"@type":"ListItem","position":2,"name":"\u201cInspira Ecoturismo\u201d chega na 2\u00aa edi\u00e7\u00e3o com debates sobre sustentabilidade do turismo"}]},{"@type":"WebSite","@id":"https:\/\/www.visitms.com.br\/#website","url":"https:\/\/www.visitms.com.br\/","name":"VisitMS","description":"","potentialAction":[{"@type":"SearchAction","target":{"@type":"EntryPoint","urlTemplate":"https:\/\/www.visitms.com.br\/?s={search_term_string}"},"query-input":{"@type":"PropertyValueSpecification","valueRequired":true,"valueName":"search_term_string"}}],"inLanguage":"en-US"},{"@type":"Person","@id":"https:\/\/www.visitms.com.br\/#\/schema\/person\/71dd2018aaa6897e87102df6bc9d5a86","name":"adm@visitms.com.br","image":{"@type":"ImageObject","inLanguage":"en-US","@id":"https:\/\/secure.gravatar.com\/avatar\/ec36558b0fcf6d4355a40e2660ca31cd3c1578f8a1953ac310c9d42cc455afcc?s=96&d=mm&r=g","url":"https:\/\/secure.gravatar.com\/avatar\/ec36558b0fcf6d4355a40e2660ca31cd3c1578f8a1953ac310c9d42cc455afcc?s=96&d=mm&r=g","contentUrl":"https:\/\/secure.gravatar.com\/avatar\/ec36558b0fcf6d4355a40e2660ca31cd3c1578f8a1953ac310c9d42cc455afcc?s=96&d=mm&r=g","caption":"adm@visitms.com.br"},"url":"https:\/\/www.visitms.com.br\/en\/author\/admvisitms-com-br\/"}]}},"_links":{"self":[{"href":"https:\/\/www.visitms.com.br\/en\/wp-json\/wp\/v2\/posts\/2747","targetHints":{"allow":["GET"]}}],"collection":[{"href":"https:\/\/www.visitms.com.br\/en\/wp-json\/wp\/v2\/posts"}],"about":[{"href":"https:\/\/www.visitms.com.br\/en\/wp-json\/wp\/v2\/types\/post"}],"author":[{"embeddable":true,"href":"https:\/\/www.visitms.com.br\/en\/wp-json\/wp\/v2\/users\/2"}],"replies":[{"embeddable":true,"href":"https:\/\/www.visitms.com.br\/en\/wp-json\/wp\/v2\/comments?post=2747"}],"version-history":[{"count":2,"href":"https:\/\/www.visitms.com.br\/en\/wp-json\/wp\/v2\/posts\/2747\/revisions"}],"predecessor-version":[{"id":2777,"href":"https:\/\/www.visitms.com.br\/en\/wp-json\/wp\/v2\/posts\/2747\/revisions\/2777"}],"wp:featuredmedia":[{"embeddable":true,"href":"https:\/\/www.visitms.com.br\/en\/wp-json\/wp\/v2\/media\/2776"}],"wp:attachment":[{"href":"https:\/\/www.visitms.com.br\/en\/wp-json\/wp\/v2\/media?parent=2747"}],"wp:term":[{"taxonomy":"category","embeddable":true,"href":"https:\/\/www.visitms.com.br\/en\/wp-json\/wp\/v2\/categories?post=2747"},{"taxonomy":"post_tag","embeddable":true,"href":"https:\/\/www.visitms.com.br\/en\/wp-json\/wp\/v2\/tags?post=2747"}],"curies":[{"name":"wp","href":"https:\/\/api.w.org\/{rel}","templated":true}]}}